{"id":5443,"date":"2023-08-01T16:48:14","date_gmt":"2023-08-01T14:48:14","guid":{"rendered":"https:\/\/www.belle-fontaine.ch\/?p=5443"},"modified":"2025-06-05T14:24:20","modified_gmt":"2025-06-05T12:24:20","slug":"kann-man-tattooentfernungen-im-sommer-durchfuehren","status":"publish","type":"post","link":"https:\/\/www.belle-fontaine.ch\/de\/kann-man-tattooentfernungen-im-sommer-durchfuehren\/","title":{"rendered":"Kann man Tattooentfernungen im Sommer durchf\u00fchren?"},"content":{"rendered":"","protected":false},"excerpt":{"rendered":"","protected":false},"author":6,"featured_media":1061,"comment_status":"closed","ping_status":"closed","sticky":false,"template":"","format":"standard","meta":{"_acf_changed":false,"footnotes":""},"categories":[82],"tags":[],"class_list":["post-5443","post","type-post","status-publish","format-standard","has-post-thumbnail","hentry","category-laser"],"acf":[],"yoast_head":"<!-- This site is optimized with the Yoast SEO plugin v27.5 - https:\/\/yoast.com\/product\/yoast-seo-wordpress\/ -->\n<title>Kann man Tattooentfernungen im Sommer durchf\u00fchren? - Clinique Bellefontaine<\/title>\n<meta name=\"description\" content=\"Die Tattooentfernung ist eine M\u00f6glichkeit, diese T\u00e4towierungen effektiv zu entfernen. Aber wir wissen, dass Laser und Sonne sich nicht gut vertragen\" \/>\n<meta name=\"robots\" content=\"index, follow, max-snippet:-1, max-image-preview:large, max-video-preview:-1\" \/>\n<link rel=\"canonical\" href=\"https:\/\/www.belle-fontaine.ch\/de\/kann-man-tattooentfernungen-im-sommer-durchfuehren\/\" \/>\n<meta property=\"og:locale\" content=\"de_DE\" \/>\n<meta property=\"og:type\" content=\"article\" \/>\n<meta property=\"og:title\" content=\"Kann man Tattooentfernungen im Sommer durchf\u00fchren? - Clinique Bellefontaine\" \/>\n<meta property=\"og:description\" content=\"Die Tattooentfernung ist eine M\u00f6glichkeit, diese T\u00e4towierungen effektiv zu entfernen. Aber wir wissen, dass Laser und Sonne sich nicht gut vertragen\" \/>\n<meta property=\"og:url\" content=\"https:\/\/www.belle-fontaine.ch\/de\/kann-man-tattooentfernungen-im-sommer-durchfuehren\/\" \/>\n<meta property=\"og:site_name\" content=\"Clinique Bellefontaine\" \/>\n<meta property=\"article:published_time\" content=\"2023-08-01T14:48:14+00:00\" \/>\n<meta property=\"article:modified_time\" content=\"2025-06-05T12:24:20+00:00\" \/>\n<meta property=\"og:image\" content=\"https:\/\/www.belle-fontaine.ch\/wp-content\/uploads\/2025\/01\/peut-on-faire-des-detatouages-en-ete-dr-favre.jpg.webp\" \/>\n\t<meta property=\"og:image:width\" content=\"2400\" \/>\n\t<meta property=\"og:image:height\" content=\"1600\" \/>\n\t<meta property=\"og:image:type\" content=\"image\/webp\" \/>\n<meta name=\"author\" content=\"cindy\" \/>\n<meta name=\"twitter:card\" content=\"summary_large_image\" \/>\n<meta name=\"twitter:label1\" content=\"Verfasst von\" \/>\n\t<meta name=\"twitter:data1\" content=\"cindy\" \/>\n<script type=\"application\/ld+json\" class=\"yoast-schema-graph\">{\"@context\":\"https:\\\/\\\/schema.org\",\"@graph\":[{\"@type\":\"Article\",\"@id\":\"https:\\\/\\\/www.belle-fontaine.ch\\\/de\\\/kann-man-tattooentfernungen-im-sommer-durchfuehren\\\/#article\",\"isPartOf\":{\"@id\":\"https:\\\/\\\/www.belle-fontaine.ch\\\/de\\\/kann-man-tattooentfernungen-im-sommer-durchfuehren\\\/\"},\"author\":{\"name\":\"cindy\",\"@id\":\"https:\\\/\\\/www.belle-fontaine.ch\\\/fr\\\/#\\\/schema\\\/person\\\/f00ea59e0a5877f64ef0c9ee031b44f7\"},\"headline\":\"Kann man Tattooentfernungen im Sommer durchf\u00fchren?\",\"datePublished\":\"2023-08-01T14:48:14+00:00\",\"dateModified\":\"2025-06-05T12:24:20+00:00\",\"mainEntityOfPage\":{\"@id\":\"https:\\\/\\\/www.belle-fontaine.ch\\\/de\\\/kann-man-tattooentfernungen-im-sommer-durchfuehren\\\/\"},\"wordCount\":7,\"image\":{\"@id\":\"https:\\\/\\\/www.belle-fontaine.ch\\\/de\\\/kann-man-tattooentfernungen-im-sommer-durchfuehren\\\/#primaryimage\"},\"thumbnailUrl\":\"https:\\\/\\\/www.belle-fontaine.ch\\\/wp-content\\\/uploads\\\/2025\\\/01\\\/peut-on-faire-des-detatouages-en-ete-dr-favre.jpg.webp\",\"articleSection\":[\"Laser\"],\"inLanguage\":\"de\"},{\"@type\":\"WebPage\",\"@id\":\"https:\\\/\\\/www.belle-fontaine.ch\\\/de\\\/kann-man-tattooentfernungen-im-sommer-durchfuehren\\\/\",\"url\":\"https:\\\/\\\/www.belle-fontaine.ch\\\/de\\\/kann-man-tattooentfernungen-im-sommer-durchfuehren\\\/\",\"name\":\"Kann man Tattooentfernungen im Sommer durchf\u00fchren? - Clinique Bellefontaine\",\"isPartOf\":{\"@id\":\"https:\\\/\\\/www.belle-fontaine.ch\\\/fr\\\/#website\"},\"primaryImageOfPage\":{\"@id\":\"https:\\\/\\\/www.belle-fontaine.ch\\\/de\\\/kann-man-tattooentfernungen-im-sommer-durchfuehren\\\/#primaryimage\"},\"image\":{\"@id\":\"https:\\\/\\\/www.belle-fontaine.ch\\\/de\\\/kann-man-tattooentfernungen-im-sommer-durchfuehren\\\/#primaryimage\"},\"thumbnailUrl\":\"https:\\\/\\\/www.belle-fontaine.ch\\\/wp-content\\\/uploads\\\/2025\\\/01\\\/peut-on-faire-des-detatouages-en-ete-dr-favre.jpg.webp\",\"datePublished\":\"2023-08-01T14:48:14+00:00\",\"dateModified\":\"2025-06-05T12:24:20+00:00\",\"author\":{\"@id\":\"https:\\\/\\\/www.belle-fontaine.ch\\\/fr\\\/#\\\/schema\\\/person\\\/f00ea59e0a5877f64ef0c9ee031b44f7\"},\"description\":\"Die Tattooentfernung ist eine M\u00f6glichkeit, diese T\u00e4towierungen effektiv zu entfernen. Aber wir wissen, dass Laser und Sonne sich nicht gut vertragen\",\"breadcrumb\":{\"@id\":\"https:\\\/\\\/www.belle-fontaine.ch\\\/de\\\/kann-man-tattooentfernungen-im-sommer-durchfuehren\\\/#breadcrumb\"},\"inLanguage\":\"de\",\"potentialAction\":[{\"@type\":\"ReadAction\",\"target\":[\"https:\\\/\\\/www.belle-fontaine.ch\\\/de\\\/kann-man-tattooentfernungen-im-sommer-durchfuehren\\\/\"]}]},{\"@type\":\"ImageObject\",\"inLanguage\":\"de\",\"@id\":\"https:\\\/\\\/www.belle-fontaine.ch\\\/de\\\/kann-man-tattooentfernungen-im-sommer-durchfuehren\\\/#primaryimage\",\"url\":\"https:\\\/\\\/www.belle-fontaine.ch\\\/wp-content\\\/uploads\\\/2025\\\/01\\\/peut-on-faire-des-detatouages-en-ete-dr-favre.jpg.webp\",\"contentUrl\":\"https:\\\/\\\/www.belle-fontaine.ch\\\/wp-content\\\/uploads\\\/2025\\\/01\\\/peut-on-faire-des-detatouages-en-ete-dr-favre.jpg.webp\",\"width\":2400,\"height\":1600,\"caption\":\"Peut-on faire des d\u00e9tatouages en \u00e9t\u00e9 ? | Clinique Bellefontaine | Lausanne\"},{\"@type\":\"BreadcrumbList\",\"@id\":\"https:\\\/\\\/www.belle-fontaine.ch\\\/de\\\/kann-man-tattooentfernungen-im-sommer-durchfuehren\\\/#breadcrumb\",\"itemListElement\":[{\"@type\":\"ListItem\",\"position\":1,\"name\":\"Home\",\"item\":\"https:\\\/\\\/www.belle-fontaine.ch\\\/de\\\/\"},{\"@type\":\"ListItem\",\"position\":2,\"name\":\"Kann man Tattooentfernungen im Sommer durchf\u00fchren?\"}]},{\"@type\":\"WebSite\",\"@id\":\"https:\\\/\\\/www.belle-fontaine.ch\\\/fr\\\/#website\",\"url\":\"https:\\\/\\\/www.belle-fontaine.ch\\\/fr\\\/\",\"name\":\"BelleFontaine\",\"description\":\"\",\"potentialAction\":[{\"@type\":\"SearchAction\",\"target\":{\"@type\":\"EntryPoint\",\"urlTemplate\":\"https:\\\/\\\/www.belle-fontaine.ch\\\/fr\\\/?s={search_term_string}\"},\"query-input\":{\"@type\":\"PropertyValueSpecification\",\"valueRequired\":true,\"valueName\":\"search_term_string\"}}],\"inLanguage\":\"de\"},{\"@type\":\"Person\",\"@id\":\"https:\\\/\\\/www.belle-fontaine.ch\\\/fr\\\/#\\\/schema\\\/person\\\/f00ea59e0a5877f64ef0c9ee031b44f7\",\"name\":\"cindy\",\"image\":{\"@type\":\"ImageObject\",\"inLanguage\":\"de\",\"@id\":\"https:\\\/\\\/secure.gravatar.com\\\/avatar\\\/5e335e70c0b72376eb51fb6bf04e493cb8dbabda2a8580447ca19c9777916af6?s=96&d=mm&r=g\",\"url\":\"https:\\\/\\\/secure.gravatar.com\\\/avatar\\\/5e335e70c0b72376eb51fb6bf04e493cb8dbabda2a8580447ca19c9777916af6?s=96&d=mm&r=g\",\"contentUrl\":\"https:\\\/\\\/secure.gravatar.com\\\/avatar\\\/5e335e70c0b72376eb51fb6bf04e493cb8dbabda2a8580447ca19c9777916af6?s=96&d=mm&r=g\",\"caption\":\"cindy\"},\"url\":\"https:\\\/\\\/www.belle-fontaine.ch\\\/de\\\/author\\\/cindy\\\/\"}]}<\/script>\n<!-- \/ Yoast SEO plugin. -->","yoast_head_json":{"title":"Kann man Tattooentfernungen im Sommer durchf\u00fchren? - Clinique Bellefontaine","description":"Die Tattooentfernung ist eine M\u00f6glichkeit, diese T\u00e4towierungen effektiv zu entfernen. Aber wir wissen, dass Laser und Sonne sich nicht gut vertragen","robots":{"index":"index","follow":"follow","max-snippet":"max-snippet:-1","max-image-preview":"max-image-preview:large","max-video-preview":"max-video-preview:-1"},"canonical":"https:\/\/www.belle-fontaine.ch\/de\/kann-man-tattooentfernungen-im-sommer-durchfuehren\/","og_locale":"de_DE","og_type":"article","og_title":"Kann man Tattooentfernungen im Sommer durchf\u00fchren? - Clinique Bellefontaine","og_description":"Die Tattooentfernung ist eine M\u00f6glichkeit, diese T\u00e4towierungen effektiv zu entfernen. Aber wir wissen, dass Laser und Sonne sich nicht gut vertragen","og_url":"https:\/\/www.belle-fontaine.ch\/de\/kann-man-tattooentfernungen-im-sommer-durchfuehren\/","og_site_name":"Clinique Bellefontaine","article_published_time":"2023-08-01T14:48:14+00:00","article_modified_time":"2025-06-05T12:24:20+00:00","og_image":[{"width":2400,"height":1600,"url":"https:\/\/www.belle-fontaine.ch\/wp-content\/uploads\/2025\/01\/peut-on-faire-des-detatouages-en-ete-dr-favre.jpg.webp","type":"image\/webp"}],"author":"cindy","twitter_card":"summary_large_image","twitter_misc":{"Verfasst von":"cindy"},"schema":{"@context":"https:\/\/schema.org","@graph":[{"@type":"Article","@id":"https:\/\/www.belle-fontaine.ch\/de\/kann-man-tattooentfernungen-im-sommer-durchfuehren\/#article","isPartOf":{"@id":"https:\/\/www.belle-fontaine.ch\/de\/kann-man-tattooentfernungen-im-sommer-durchfuehren\/"},"author":{"name":"cindy","@id":"https:\/\/www.belle-fontaine.ch\/fr\/#\/schema\/person\/f00ea59e0a5877f64ef0c9ee031b44f7"},"headline":"Kann man Tattooentfernungen im Sommer durchf\u00fchren?","datePublished":"2023-08-01T14:48:14+00:00","dateModified":"2025-06-05T12:24:20+00:00","mainEntityOfPage":{"@id":"https:\/\/www.belle-fontaine.ch\/de\/kann-man-tattooentfernungen-im-sommer-durchfuehren\/"},"wordCount":7,"image":{"@id":"https:\/\/www.belle-fontaine.ch\/de\/kann-man-tattooentfernungen-im-sommer-durchfuehren\/#primaryimage"},"thumbnailUrl":"https:\/\/www.belle-fontaine.ch\/wp-content\/uploads\/2025\/01\/peut-on-faire-des-detatouages-en-ete-dr-favre.jpg.webp","articleSection":["Laser"],"inLanguage":"de"},{"@type":"WebPage","@id":"https:\/\/www.belle-fontaine.ch\/de\/kann-man-tattooentfernungen-im-sommer-durchfuehren\/","url":"https:\/\/www.belle-fontaine.ch\/de\/kann-man-tattooentfernungen-im-sommer-durchfuehren\/","name":"Kann man Tattooentfernungen im Sommer durchf\u00fchren? - Clinique Bellefontaine","isPartOf":{"@id":"https:\/\/www.belle-fontaine.ch\/fr\/#website"},"primaryImageOfPage":{"@id":"https:\/\/www.belle-fontaine.ch\/de\/kann-man-tattooentfernungen-im-sommer-durchfuehren\/#primaryimage"},"image":{"@id":"https:\/\/www.belle-fontaine.ch\/de\/kann-man-tattooentfernungen-im-sommer-durchfuehren\/#primaryimage"},"thumbnailUrl":"https:\/\/www.belle-fontaine.ch\/wp-content\/uploads\/2025\/01\/peut-on-faire-des-detatouages-en-ete-dr-favre.jpg.webp","datePublished":"2023-08-01T14:48:14+00:00","dateModified":"2025-06-05T12:24:20+00:00","author":{"@id":"https:\/\/www.belle-fontaine.ch\/fr\/#\/schema\/person\/f00ea59e0a5877f64ef0c9ee031b44f7"},"description":"Die Tattooentfernung ist eine M\u00f6glichkeit, diese T\u00e4towierungen effektiv zu entfernen. Aber wir wissen, dass Laser und Sonne sich nicht gut vertragen","breadcrumb":{"@id":"https:\/\/www.belle-fontaine.ch\/de\/kann-man-tattooentfernungen-im-sommer-durchfuehren\/#breadcrumb"},"inLanguage":"de","potentialAction":[{"@type":"ReadAction","target":["https:\/\/www.belle-fontaine.ch\/de\/kann-man-tattooentfernungen-im-sommer-durchfuehren\/"]}]},{"@type":"ImageObject","inLanguage":"de","@id":"https:\/\/www.belle-fontaine.ch\/de\/kann-man-tattooentfernungen-im-sommer-durchfuehren\/#primaryimage","url":"https:\/\/www.belle-fontaine.ch\/wp-content\/uploads\/2025\/01\/peut-on-faire-des-detatouages-en-ete-dr-favre.jpg.webp","contentUrl":"https:\/\/www.belle-fontaine.ch\/wp-content\/uploads\/2025\/01\/peut-on-faire-des-detatouages-en-ete-dr-favre.jpg.webp","width":2400,"height":1600,"caption":"Peut-on faire des d\u00e9tatouages en \u00e9t\u00e9 ? | Clinique Bellefontaine | Lausanne"},{"@type":"BreadcrumbList","@id":"https:\/\/www.belle-fontaine.ch\/de\/kann-man-tattooentfernungen-im-sommer-durchfuehren\/#breadcrumb","itemListElement":[{"@type":"ListItem","position":1,"name":"Home","item":"https:\/\/www.belle-fontaine.ch\/de\/"},{"@type":"ListItem","position":2,"name":"Kann man Tattooentfernungen im Sommer durchf\u00fchren?"}]},{"@type":"WebSite","@id":"https:\/\/www.belle-fontaine.ch\/fr\/#website","url":"https:\/\/www.belle-fontaine.ch\/fr\/","name":"BelleFontaine","description":"","potentialAction":[{"@type":"SearchAction","target":{"@type":"EntryPoint","urlTemplate":"https:\/\/www.belle-fontaine.ch\/fr\/?s={search_term_string}"},"query-input":{"@type":"PropertyValueSpecification","valueRequired":true,"valueName":"search_term_string"}}],"inLanguage":"de"},{"@type":"Person","@id":"https:\/\/www.belle-fontaine.ch\/fr\/#\/schema\/person\/f00ea59e0a5877f64ef0c9ee031b44f7","name":"cindy","image":{"@type":"ImageObject","inLanguage":"de","@id":"https:\/\/secure.gravatar.com\/avatar\/5e335e70c0b72376eb51fb6bf04e493cb8dbabda2a8580447ca19c9777916af6?s=96&d=mm&r=g","url":"https:\/\/secure.gravatar.com\/avatar\/5e335e70c0b72376eb51fb6bf04e493cb8dbabda2a8580447ca19c9777916af6?s=96&d=mm&r=g","contentUrl":"https:\/\/secure.gravatar.com\/avatar\/5e335e70c0b72376eb51fb6bf04e493cb8dbabda2a8580447ca19c9777916af6?s=96&d=mm&r=g","caption":"cindy"},"url":"https:\/\/www.belle-fontaine.ch\/de\/author\/cindy\/"}]}},"_links":{"self":[{"href":"https:\/\/www.belle-fontaine.ch\/de\/wp-json\/wp\/v2\/posts\/5443","targetHints":{"allow":["GET"]}}],"collection":[{"href":"https:\/\/www.belle-fontaine.ch\/de\/wp-json\/wp\/v2\/posts"}],"about":[{"href":"https:\/\/www.belle-fontaine.ch\/de\/wp-json\/wp\/v2\/types\/post"}],"author":[{"embeddable":true,"href":"https:\/\/www.belle-fontaine.ch\/de\/wp-json\/wp\/v2\/users\/6"}],"replies":[{"embeddable":true,"href":"https:\/\/www.belle-fontaine.ch\/de\/wp-json\/wp\/v2\/comments?post=5443"}],"version-history":[{"count":2,"href":"https:\/\/www.belle-fontaine.ch\/de\/wp-json\/wp\/v2\/posts\/5443\/revisions"}],"predecessor-version":[{"id":5445,"href":"https:\/\/www.belle-fontaine.ch\/de\/wp-json\/wp\/v2\/posts\/5443\/revisions\/5445"}],"wp:featuredmedia":[{"embeddable":true,"href":"https:\/\/www.belle-fontaine.ch\/de\/wp-json\/wp\/v2\/media\/1061"}],"wp:attachment":[{"href":"https:\/\/www.belle-fontaine.ch\/de\/wp-json\/wp\/v2\/media?parent=5443"}],"wp:term":[{"taxonomy":"category","embeddable":true,"href":"https:\/\/www.belle-fontaine.ch\/de\/wp-json\/wp\/v2\/categories?post=5443"},{"taxonomy":"post_tag","embeddable":true,"href":"https:\/\/www.belle-fontaine.ch\/de\/wp-json\/wp\/v2\/tags?post=5443"}],"curies":[{"name":"wp","href":"https:\/\/api.w.org\/{rel}","templated":true}]}}