{"id":1008,"date":"2023-07-24T11:46:24","date_gmt":"2023-07-24T09:46:24","guid":{"rendered":"https:\/\/www.belle-fontaine.ch\/?p=1008"},"modified":"2025-06-05T14:26:10","modified_gmt":"2025-06-05T12:26:10","slug":"au-bout-de-combien-de-temps-les-resultats-de-la-cryolipolyse-sont-ils-visibles","status":"publish","type":"post","link":"https:\/\/www.belle-fontaine.ch\/fr\/au-bout-de-combien-de-temps-les-resultats-de-la-cryolipolyse-sont-ils-visibles\/","title":{"rendered":"Au bout de combien de temps les r\u00e9sultats de la cryolipolyse sont-ils visibles ?"},"content":{"rendered":"","protected":false},"excerpt":{"rendered":"","protected":false},"author":3,"featured_media":1009,"comment_status":"open","ping_status":"open","sticky":false,"template":"","format":"standard","meta":{"_acf_changed":false,"footnotes":""},"categories":[26],"tags":[],"class_list":["post-1008","post","type-post","status-publish","format-standard","has-post-thumbnail","hentry","category-cryolipolyse"],"acf":[],"yoast_head":"<!-- This site is optimized with the Yoast SEO plugin v27.5 - https:\/\/yoast.com\/product\/yoast-seo-wordpress\/ -->\n<title>Au bout de combien de temps les r\u00e9sultats de la cryolipolyse sont-ils visibles ? - Clinique Bellefontaine<\/title>\n<meta name=\"description\" content=\"Cette technique de plus en plus pl\u00e9biscit\u00e9e, \u00e9limine les amas graisseux tenaces sans chirurgie ni p\u00e9riode d\u2019arr\u00eat.\" \/>\n<meta name=\"robots\" content=\"index, follow, max-snippet:-1, max-image-preview:large, max-video-preview:-1\" \/>\n<link rel=\"canonical\" href=\"https:\/\/www.belle-fontaine.ch\/fr\/au-bout-de-combien-de-temps-les-resultats-de-la-cryolipolyse-sont-ils-visibles\/\" \/>\n<meta property=\"og:locale\" content=\"fr_FR\" \/>\n<meta property=\"og:type\" content=\"article\" \/>\n<meta property=\"og:title\" content=\"Au bout de combien de temps les r\u00e9sultats de la cryolipolyse sont-ils visibles ? - Clinique Bellefontaine\" \/>\n<meta property=\"og:description\" content=\"Cette technique de plus en plus pl\u00e9biscit\u00e9e, \u00e9limine les amas graisseux tenaces sans chirurgie ni p\u00e9riode d\u2019arr\u00eat.\" \/>\n<meta property=\"og:url\" content=\"https:\/\/www.belle-fontaine.ch\/fr\/au-bout-de-combien-de-temps-les-resultats-de-la-cryolipolyse-sont-ils-visibles\/\" \/>\n<meta property=\"og:site_name\" content=\"Clinique Bellefontaine\" \/>\n<meta property=\"article:published_time\" content=\"2023-07-24T09:46:24+00:00\" \/>\n<meta property=\"article:modified_time\" content=\"2025-06-05T12:26:10+00:00\" \/>\n<meta property=\"og:image\" content=\"https:\/\/www.belle-fontaine.ch\/wp-content\/uploads\/2025\/01\/au-bout-de-combien-de-temps-les-resultats-de-la-cryolipolyse-sont-ils-visibles-dr-favre.jpg.webp\" \/>\n\t<meta property=\"og:image:width\" content=\"2400\" \/>\n\t<meta property=\"og:image:height\" content=\"1600\" \/>\n\t<meta property=\"og:image:type\" content=\"image\/webp\" \/>\n<meta name=\"author\" content=\"Dr Favre - Bellefontaine\" \/>\n<meta name=\"twitter:card\" content=\"summary_large_image\" \/>\n<meta name=\"twitter:label1\" content=\"\u00c9crit par\" \/>\n\t<meta name=\"twitter:data1\" content=\"Dr Favre - Bellefontaine\" \/>\n\t<meta name=\"twitter:label2\" content=\"Dur\u00e9e de lecture estim\u00e9e\" \/>\n\t<meta name=\"twitter:data2\" content=\"1 minute\" \/>\n<script type=\"application\/ld+json\" class=\"yoast-schema-graph\">{\"@context\":\"https:\\\/\\\/schema.org\",\"@graph\":[{\"@type\":\"Article\",\"@id\":\"https:\\\/\\\/www.belle-fontaine.ch\\\/fr\\\/au-bout-de-combien-de-temps-les-resultats-de-la-cryolipolyse-sont-ils-visibles\\\/#article\",\"isPartOf\":{\"@id\":\"https:\\\/\\\/www.belle-fontaine.ch\\\/fr\\\/au-bout-de-combien-de-temps-les-resultats-de-la-cryolipolyse-sont-ils-visibles\\\/\"},\"author\":{\"name\":\"Dr Favre - Bellefontaine\",\"@id\":\"https:\\\/\\\/www.belle-fontaine.ch\\\/fr\\\/#\\\/schema\\\/person\\\/2c9db0287a17f46ae50f90c79d2123ca\"},\"headline\":\"Au bout de combien de temps les r\u00e9sultats de la cryolipolyse sont-ils visibles ?\",\"datePublished\":\"2023-07-24T09:46:24+00:00\",\"dateModified\":\"2025-06-05T12:26:10+00:00\",\"mainEntityOfPage\":{\"@id\":\"https:\\\/\\\/www.belle-fontaine.ch\\\/fr\\\/au-bout-de-combien-de-temps-les-resultats-de-la-cryolipolyse-sont-ils-visibles\\\/\"},\"wordCount\":14,\"commentCount\":0,\"image\":{\"@id\":\"https:\\\/\\\/www.belle-fontaine.ch\\\/fr\\\/au-bout-de-combien-de-temps-les-resultats-de-la-cryolipolyse-sont-ils-visibles\\\/#primaryimage\"},\"thumbnailUrl\":\"https:\\\/\\\/www.belle-fontaine.ch\\\/wp-content\\\/uploads\\\/2025\\\/01\\\/au-bout-de-combien-de-temps-les-resultats-de-la-cryolipolyse-sont-ils-visibles-dr-favre.jpg.webp\",\"articleSection\":[\"Cryolipolyse\"],\"inLanguage\":\"fr-FR\",\"potentialAction\":[{\"@type\":\"CommentAction\",\"name\":\"Comment\",\"target\":[\"https:\\\/\\\/www.belle-fontaine.ch\\\/fr\\\/au-bout-de-combien-de-temps-les-resultats-de-la-cryolipolyse-sont-ils-visibles\\\/#respond\"]}]},{\"@type\":\"WebPage\",\"@id\":\"https:\\\/\\\/www.belle-fontaine.ch\\\/fr\\\/au-bout-de-combien-de-temps-les-resultats-de-la-cryolipolyse-sont-ils-visibles\\\/\",\"url\":\"https:\\\/\\\/www.belle-fontaine.ch\\\/fr\\\/au-bout-de-combien-de-temps-les-resultats-de-la-cryolipolyse-sont-ils-visibles\\\/\",\"name\":\"Au bout de combien de temps les r\u00e9sultats de la cryolipolyse sont-ils visibles ? - Clinique Bellefontaine\",\"isPartOf\":{\"@id\":\"https:\\\/\\\/www.belle-fontaine.ch\\\/fr\\\/#website\"},\"primaryImageOfPage\":{\"@id\":\"https:\\\/\\\/www.belle-fontaine.ch\\\/fr\\\/au-bout-de-combien-de-temps-les-resultats-de-la-cryolipolyse-sont-ils-visibles\\\/#primaryimage\"},\"image\":{\"@id\":\"https:\\\/\\\/www.belle-fontaine.ch\\\/fr\\\/au-bout-de-combien-de-temps-les-resultats-de-la-cryolipolyse-sont-ils-visibles\\\/#primaryimage\"},\"thumbnailUrl\":\"https:\\\/\\\/www.belle-fontaine.ch\\\/wp-content\\\/uploads\\\/2025\\\/01\\\/au-bout-de-combien-de-temps-les-resultats-de-la-cryolipolyse-sont-ils-visibles-dr-favre.jpg.webp\",\"datePublished\":\"2023-07-24T09:46:24+00:00\",\"dateModified\":\"2025-06-05T12:26:10+00:00\",\"author\":{\"@id\":\"https:\\\/\\\/www.belle-fontaine.ch\\\/fr\\\/#\\\/schema\\\/person\\\/2c9db0287a17f46ae50f90c79d2123ca\"},\"description\":\"Cette technique de plus en plus pl\u00e9biscit\u00e9e, \u00e9limine les amas graisseux tenaces sans chirurgie ni p\u00e9riode d\u2019arr\u00eat.\",\"breadcrumb\":{\"@id\":\"https:\\\/\\\/www.belle-fontaine.ch\\\/fr\\\/au-bout-de-combien-de-temps-les-resultats-de-la-cryolipolyse-sont-ils-visibles\\\/#breadcrumb\"},\"inLanguage\":\"fr-FR\",\"potentialAction\":[{\"@type\":\"ReadAction\",\"target\":[\"https:\\\/\\\/www.belle-fontaine.ch\\\/fr\\\/au-bout-de-combien-de-temps-les-resultats-de-la-cryolipolyse-sont-ils-visibles\\\/\"]}]},{\"@type\":\"ImageObject\",\"inLanguage\":\"fr-FR\",\"@id\":\"https:\\\/\\\/www.belle-fontaine.ch\\\/fr\\\/au-bout-de-combien-de-temps-les-resultats-de-la-cryolipolyse-sont-ils-visibles\\\/#primaryimage\",\"url\":\"https:\\\/\\\/www.belle-fontaine.ch\\\/wp-content\\\/uploads\\\/2025\\\/01\\\/au-bout-de-combien-de-temps-les-resultats-de-la-cryolipolyse-sont-ils-visibles-dr-favre.jpg.webp\",\"contentUrl\":\"https:\\\/\\\/www.belle-fontaine.ch\\\/wp-content\\\/uploads\\\/2025\\\/01\\\/au-bout-de-combien-de-temps-les-resultats-de-la-cryolipolyse-sont-ils-visibles-dr-favre.jpg.webp\",\"width\":2400,\"height\":1600,\"caption\":\"Appareil cryolipolyse au bout de combien de temps les resultats de la cryolipolyse sont ils visibles - dr Favre Lausane\"},{\"@type\":\"BreadcrumbList\",\"@id\":\"https:\\\/\\\/www.belle-fontaine.ch\\\/fr\\\/au-bout-de-combien-de-temps-les-resultats-de-la-cryolipolyse-sont-ils-visibles\\\/#breadcrumb\",\"itemListElement\":[{\"@type\":\"ListItem\",\"position\":1,\"name\":\"Home\",\"item\":\"https:\\\/\\\/www.belle-fontaine.ch\\\/fr\\\/\"},{\"@type\":\"ListItem\",\"position\":2,\"name\":\"Au bout de combien de temps les r\u00e9sultats de la cryolipolyse sont-ils visibles ?\"}]},{\"@type\":\"WebSite\",\"@id\":\"https:\\\/\\\/www.belle-fontaine.ch\\\/fr\\\/#website\",\"url\":\"https:\\\/\\\/www.belle-fontaine.ch\\\/fr\\\/\",\"name\":\"BelleFontaine\",\"description\":\"\",\"potentialAction\":[{\"@type\":\"SearchAction\",\"target\":{\"@type\":\"EntryPoint\",\"urlTemplate\":\"https:\\\/\\\/www.belle-fontaine.ch\\\/fr\\\/?s={search_term_string}\"},\"query-input\":{\"@type\":\"PropertyValueSpecification\",\"valueRequired\":true,\"valueName\":\"search_term_string\"}}],\"inLanguage\":\"fr-FR\"},{\"@type\":\"Person\",\"@id\":\"https:\\\/\\\/www.belle-fontaine.ch\\\/fr\\\/#\\\/schema\\\/person\\\/2c9db0287a17f46ae50f90c79d2123ca\",\"name\":\"Dr Favre - Bellefontaine\",\"image\":{\"@type\":\"ImageObject\",\"inLanguage\":\"fr-FR\",\"@id\":\"https:\\\/\\\/www.belle-fontaine.ch\\\/wp-content\\\/uploads\\\/2025\\\/01\\\/dr-favre-150x150.png\",\"url\":\"https:\\\/\\\/www.belle-fontaine.ch\\\/wp-content\\\/uploads\\\/2025\\\/01\\\/dr-favre-150x150.png\",\"contentUrl\":\"https:\\\/\\\/www.belle-fontaine.ch\\\/wp-content\\\/uploads\\\/2025\\\/01\\\/dr-favre-150x150.png\",\"caption\":\"Dr Favre - Bellefontaine\"},\"url\":\"https:\\\/\\\/www.belle-fontaine.ch\\\/fr\\\/author\\\/drfavrehin-ch\\\/\"}]}<\/script>\n<!-- \/ Yoast SEO plugin. -->","yoast_head_json":{"title":"Au bout de combien de temps les r\u00e9sultats de la cryolipolyse sont-ils visibles ? - Clinique Bellefontaine","description":"Cette technique de plus en plus pl\u00e9biscit\u00e9e, \u00e9limine les amas graisseux tenaces sans chirurgie ni p\u00e9riode d\u2019arr\u00eat.","robots":{"index":"index","follow":"follow","max-snippet":"max-snippet:-1","max-image-preview":"max-image-preview:large","max-video-preview":"max-video-preview:-1"},"canonical":"https:\/\/www.belle-fontaine.ch\/fr\/au-bout-de-combien-de-temps-les-resultats-de-la-cryolipolyse-sont-ils-visibles\/","og_locale":"fr_FR","og_type":"article","og_title":"Au bout de combien de temps les r\u00e9sultats de la cryolipolyse sont-ils visibles ? - Clinique Bellefontaine","og_description":"Cette technique de plus en plus pl\u00e9biscit\u00e9e, \u00e9limine les amas graisseux tenaces sans chirurgie ni p\u00e9riode d\u2019arr\u00eat.","og_url":"https:\/\/www.belle-fontaine.ch\/fr\/au-bout-de-combien-de-temps-les-resultats-de-la-cryolipolyse-sont-ils-visibles\/","og_site_name":"Clinique Bellefontaine","article_published_time":"2023-07-24T09:46:24+00:00","article_modified_time":"2025-06-05T12:26:10+00:00","og_image":[{"width":2400,"height":1600,"url":"https:\/\/www.belle-fontaine.ch\/wp-content\/uploads\/2025\/01\/au-bout-de-combien-de-temps-les-resultats-de-la-cryolipolyse-sont-ils-visibles-dr-favre.jpg.webp","type":"image\/webp"}],"author":"Dr Favre - Bellefontaine","twitter_card":"summary_large_image","twitter_misc":{"\u00c9crit par":"Dr Favre - Bellefontaine","Dur\u00e9e de lecture estim\u00e9e":"1 minute"},"schema":{"@context":"https:\/\/schema.org","@graph":[{"@type":"Article","@id":"https:\/\/www.belle-fontaine.ch\/fr\/au-bout-de-combien-de-temps-les-resultats-de-la-cryolipolyse-sont-ils-visibles\/#article","isPartOf":{"@id":"https:\/\/www.belle-fontaine.ch\/fr\/au-bout-de-combien-de-temps-les-resultats-de-la-cryolipolyse-sont-ils-visibles\/"},"author":{"name":"Dr Favre - Bellefontaine","@id":"https:\/\/www.belle-fontaine.ch\/fr\/#\/schema\/person\/2c9db0287a17f46ae50f90c79d2123ca"},"headline":"Au bout de combien de temps les r\u00e9sultats de la cryolipolyse sont-ils visibles ?","datePublished":"2023-07-24T09:46:24+00:00","dateModified":"2025-06-05T12:26:10+00:00","mainEntityOfPage":{"@id":"https:\/\/www.belle-fontaine.ch\/fr\/au-bout-de-combien-de-temps-les-resultats-de-la-cryolipolyse-sont-ils-visibles\/"},"wordCount":14,"commentCount":0,"image":{"@id":"https:\/\/www.belle-fontaine.ch\/fr\/au-bout-de-combien-de-temps-les-resultats-de-la-cryolipolyse-sont-ils-visibles\/#primaryimage"},"thumbnailUrl":"https:\/\/www.belle-fontaine.ch\/wp-content\/uploads\/2025\/01\/au-bout-de-combien-de-temps-les-resultats-de-la-cryolipolyse-sont-ils-visibles-dr-favre.jpg.webp","articleSection":["Cryolipolyse"],"inLanguage":"fr-FR","potentialAction":[{"@type":"CommentAction","name":"Comment","target":["https:\/\/www.belle-fontaine.ch\/fr\/au-bout-de-combien-de-temps-les-resultats-de-la-cryolipolyse-sont-ils-visibles\/#respond"]}]},{"@type":"WebPage","@id":"https:\/\/www.belle-fontaine.ch\/fr\/au-bout-de-combien-de-temps-les-resultats-de-la-cryolipolyse-sont-ils-visibles\/","url":"https:\/\/www.belle-fontaine.ch\/fr\/au-bout-de-combien-de-temps-les-resultats-de-la-cryolipolyse-sont-ils-visibles\/","name":"Au bout de combien de temps les r\u00e9sultats de la cryolipolyse sont-ils visibles ? - Clinique Bellefontaine","isPartOf":{"@id":"https:\/\/www.belle-fontaine.ch\/fr\/#website"},"primaryImageOfPage":{"@id":"https:\/\/www.belle-fontaine.ch\/fr\/au-bout-de-combien-de-temps-les-resultats-de-la-cryolipolyse-sont-ils-visibles\/#primaryimage"},"image":{"@id":"https:\/\/www.belle-fontaine.ch\/fr\/au-bout-de-combien-de-temps-les-resultats-de-la-cryolipolyse-sont-ils-visibles\/#primaryimage"},"thumbnailUrl":"https:\/\/www.belle-fontaine.ch\/wp-content\/uploads\/2025\/01\/au-bout-de-combien-de-temps-les-resultats-de-la-cryolipolyse-sont-ils-visibles-dr-favre.jpg.webp","datePublished":"2023-07-24T09:46:24+00:00","dateModified":"2025-06-05T12:26:10+00:00","author":{"@id":"https:\/\/www.belle-fontaine.ch\/fr\/#\/schema\/person\/2c9db0287a17f46ae50f90c79d2123ca"},"description":"Cette technique de plus en plus pl\u00e9biscit\u00e9e, \u00e9limine les amas graisseux tenaces sans chirurgie ni p\u00e9riode d\u2019arr\u00eat.","breadcrumb":{"@id":"https:\/\/www.belle-fontaine.ch\/fr\/au-bout-de-combien-de-temps-les-resultats-de-la-cryolipolyse-sont-ils-visibles\/#breadcrumb"},"inLanguage":"fr-FR","potentialAction":[{"@type":"ReadAction","target":["https:\/\/www.belle-fontaine.ch\/fr\/au-bout-de-combien-de-temps-les-resultats-de-la-cryolipolyse-sont-ils-visibles\/"]}]},{"@type":"ImageObject","inLanguage":"fr-FR","@id":"https:\/\/www.belle-fontaine.ch\/fr\/au-bout-de-combien-de-temps-les-resultats-de-la-cryolipolyse-sont-ils-visibles\/#primaryimage","url":"https:\/\/www.belle-fontaine.ch\/wp-content\/uploads\/2025\/01\/au-bout-de-combien-de-temps-les-resultats-de-la-cryolipolyse-sont-ils-visibles-dr-favre.jpg.webp","contentUrl":"https:\/\/www.belle-fontaine.ch\/wp-content\/uploads\/2025\/01\/au-bout-de-combien-de-temps-les-resultats-de-la-cryolipolyse-sont-ils-visibles-dr-favre.jpg.webp","width":2400,"height":1600,"caption":"Appareil cryolipolyse au bout de combien de temps les resultats de la cryolipolyse sont ils visibles - dr Favre Lausane"},{"@type":"BreadcrumbList","@id":"https:\/\/www.belle-fontaine.ch\/fr\/au-bout-de-combien-de-temps-les-resultats-de-la-cryolipolyse-sont-ils-visibles\/#breadcrumb","itemListElement":[{"@type":"ListItem","position":1,"name":"Home","item":"https:\/\/www.belle-fontaine.ch\/fr\/"},{"@type":"ListItem","position":2,"name":"Au bout de combien de temps les r\u00e9sultats de la cryolipolyse sont-ils visibles ?"}]},{"@type":"WebSite","@id":"https:\/\/www.belle-fontaine.ch\/fr\/#website","url":"https:\/\/www.belle-fontaine.ch\/fr\/","name":"BelleFontaine","description":"","potentialAction":[{"@type":"SearchAction","target":{"@type":"EntryPoint","urlTemplate":"https:\/\/www.belle-fontaine.ch\/fr\/?s={search_term_string}"},"query-input":{"@type":"PropertyValueSpecification","valueRequired":true,"valueName":"search_term_string"}}],"inLanguage":"fr-FR"},{"@type":"Person","@id":"https:\/\/www.belle-fontaine.ch\/fr\/#\/schema\/person\/2c9db0287a17f46ae50f90c79d2123ca","name":"Dr Favre - Bellefontaine","image":{"@type":"ImageObject","inLanguage":"fr-FR","@id":"https:\/\/www.belle-fontaine.ch\/wp-content\/uploads\/2025\/01\/dr-favre-150x150.png","url":"https:\/\/www.belle-fontaine.ch\/wp-content\/uploads\/2025\/01\/dr-favre-150x150.png","contentUrl":"https:\/\/www.belle-fontaine.ch\/wp-content\/uploads\/2025\/01\/dr-favre-150x150.png","caption":"Dr Favre - Bellefontaine"},"url":"https:\/\/www.belle-fontaine.ch\/fr\/author\/drfavrehin-ch\/"}]}},"_links":{"self":[{"href":"https:\/\/www.belle-fontaine.ch\/fr\/wp-json\/wp\/v2\/posts\/1008","targetHints":{"allow":["GET"]}}],"collection":[{"href":"https:\/\/www.belle-fontaine.ch\/fr\/wp-json\/wp\/v2\/posts"}],"about":[{"href":"https:\/\/www.belle-fontaine.ch\/fr\/wp-json\/wp\/v2\/types\/post"}],"author":[{"embeddable":true,"href":"https:\/\/www.belle-fontaine.ch\/fr\/wp-json\/wp\/v2\/users\/3"}],"replies":[{"embeddable":true,"href":"https:\/\/www.belle-fontaine.ch\/fr\/wp-json\/wp\/v2\/comments?post=1008"}],"version-history":[{"count":2,"href":"https:\/\/www.belle-fontaine.ch\/fr\/wp-json\/wp\/v2\/posts\/1008\/revisions"}],"predecessor-version":[{"id":5447,"href":"https:\/\/www.belle-fontaine.ch\/fr\/wp-json\/wp\/v2\/posts\/1008\/revisions\/5447"}],"wp:featuredmedia":[{"embeddable":true,"href":"https:\/\/www.belle-fontaine.ch\/fr\/wp-json\/wp\/v2\/media\/1009"}],"wp:attachment":[{"href":"https:\/\/www.belle-fontaine.ch\/fr\/wp-json\/wp\/v2\/media?parent=1008"}],"wp:term":[{"taxonomy":"category","embeddable":true,"href":"https:\/\/www.belle-fontaine.ch\/fr\/wp-json\/wp\/v2\/categories?post=1008"},{"taxonomy":"post_tag","embeddable":true,"href":"https:\/\/www.belle-fontaine.ch\/fr\/wp-json\/wp\/v2\/tags?post=1008"}],"curies":[{"name":"wp","href":"https:\/\/api.w.org\/{rel}","templated":true}]}}